{"id":5778,"date":"2021-05-13T09:33:33","date_gmt":"2021-05-13T07:33:33","guid":{"rendered":"https:\/\/dinhjelper.com\/?p=5778"},"modified":"2025-09-17T13:08:58","modified_gmt":"2025-09-17T11:08:58","slug":"noen-spanske-merkedager","status":"publish","type":"post","link":"https:\/\/dinhjelper.com\/no\/noen-spanske-merkedager\/","title":{"rendered":"Noen spanske merkedager"},"content":{"rendered":"<p>Det er ikke alltid like lett \u00e5 holde styr p\u00e5 de spanske helligdagene.<\/p>\n<p>Ikke bare har de nasjonale helligdager, men ogs\u00e5 regionale og lokale festdager.\u00a0 Butikker og offentlige kontorer stenges, og det blir pyntet til fest. Spanjolene legger mye i sine &laquo;fiestas&raquo;, og det kan v\u00e6re parader og fyrverkeri, musikk og dans. Det er vel verdt det \u00e5 f\u00e5 med seg en &laquo;fiesta&raquo; n\u00e5r man er i Spania.<\/p>\n<h5>Men hva er det egentlig de feirer?<\/h5>\n<p>Den 6. januar er de tre hellige kongers dag, og feires med opptog og gaver til barna. Feiringen av denne dagen i Alcoy anses som den eldste i Verden.<\/p>\n<p><img loading=\"lazy\" decoding=\"async\" class=\"alignnone size-full wp-image-5790\" src=\"https:\/\/dinhjelper.com\/wp-content\/uploads\/81641135_3928991913793630_9146479623901544448_o-1-960x588-1.jpg\" alt=\"\" width=\"960\" height=\"588\" title=\"\" srcset=\"https:\/\/dinhjelper.com\/wp-content\/uploads\/81641135_3928991913793630_9146479623901544448_o-1-960x588-1.jpg 960w, https:\/\/dinhjelper.com\/wp-content\/uploads\/81641135_3928991913793630_9146479623901544448_o-1-960x588-1-480x294.jpg 480w\" sizes=\"(min-width: 0px) and (max-width: 480px) 480px, (min-width: 481px) 960px, 100vw\" \/><\/p>\n<h5>I Valenciaregionen feirer de St. Josefs dag den 19. mars<\/h5>\n<p>Dagen er til \u00e6re for Jesus\u00b4 adoptivfar, Josef, som var t\u00f8mrer av yrke og ansees som snekkernes skytshelgen.<\/p>\n<p>Denne dagen har v\u00e6rt feiret i katolske land siden middelalderen, og er muligens forl\u00f8per for farsdagen. Josef er fedrenes skytshelgen, og blir sett p\u00e5 som et forbilde for en god far.<\/p>\n<p>Den hellige Josefs dag markerer ogs\u00e5 avslutningen p\u00e5 Las Fallas i Valencia. Man tror at opprinnelsen til Las Fallas er at det var da snekkerne ryddet sine verksteder for skrot og avfall, som de tente p\u00e5 natt til Den Hellige Josefs dag.<\/p>\n<h5>Den 15. august feires Jomfru Marias himmelfart<\/h5>\n<p>Denne dagen ble ogs\u00e5 markert i Norden i katolsk tid med et eget tegn p\u00e5 primstaven, som er et innrammet kors. P\u00e5 denne dagen ba folk til jomfru Maria om at det ikke skulle bli u\u00e5r. Dagen het\u00a0Marias Himmelfart.<\/p>\n<h5>Den 9. oktober<\/h5>\n<p>feires gjenerobringen av Valenciaregionen fra maurerne i 1238. Kongen Jaime 1\u00ba grunnla da konged\u00f8mmet Valencia, som i dag utgj\u00f8r la Comunidad Valenciana (Alicante, Castell\u00f3n og Valencia).<\/p>\n<p>Dagen feires med store opptog og parader, hvor folk kler seg ut som kristne og maurere.<\/p>\n<p><img loading=\"lazy\" decoding=\"async\" class=\"alignnone size-full wp-image-5792\" src=\"https:\/\/dinhjelper.com\/wp-content\/uploads\/moros-y-cristianos.jpg\" alt=\"\" width=\"768\" height=\"511\" title=\"\" srcset=\"https:\/\/dinhjelper.com\/wp-content\/uploads\/moros-y-cristianos.jpg 768w, https:\/\/dinhjelper.com\/wp-content\/uploads\/moros-y-cristianos-480x319.jpg 480w\" sizes=\"(min-width: 0px) and (max-width: 480px) 480px, (min-width: 481px) 768px, 100vw\" \/><\/p>\n<h5>12. oktober &#8211; el d\u00eda de la Hispanidad<\/h5>\n<p>er dagen da man regner med at Christoffer Columbus gikk i land p\u00e5 \u00f8ya Hispa\u00f1ola, og i 1987 erkl\u00e6rte Spania dette som nasjonaldag.<\/p>\n<p>Markeringen er veldig forskjellig fra v\u00e5r egen nasjonaldag &#8211; 17. mai. I Madrid feires dagen vanligvis med milit\u00e6r parade hvor kongen og representanter fra regjeringen er til stede.<\/p>\n<h5>1. november<\/h5>\n<p>minnes spanjolene sine d\u00f8de, og pynter gravene med blomster. Det er en typisk dag hvor familien samles.<\/p>\n<h5>Den 6. desember feires den spanske grunnloven<\/h5>\n<p>Etter at diktator Francisco Francos d\u00f8de i 1978 ble dagens grunnlov utarbeidet og godkjent.<\/p>\n<p>For spanjolene er dette selve symbolet p\u00e5 skillet mellom nesten 40 \u00e5r med totalit\u00e6rt styre, og et styre med frihet og demokrati.<\/p>\n<p>Etter at nasjonalforsamlingen hadde godkjent et utkast til grunnloven, ble det holdt en folkeavstemning den 6. desember, og grunnloven ble godkjent.<\/p>\n<p>Det er ingen stor markering av dagen hvor folk kler seg i nasjonaldrakter og henger opp flagget, slik det gj\u00f8res 17. mai i Norge. For de fleste er dette kun en kj\u00e6rkommen fridag.<\/p>\n<h5>Den 8. desember feires den ubesmittede unnfangelsen &#8211; D\u00eda de la Inmaculada Concepci\u00f3n<\/h5>\n<p>Dette er en dogme i den katolske kirken som ble avgjort i 1854, og hevder at Jomfru Maria var fri fra den opprinnelige synd.<\/p>\n<p>Historien er faktisk mye eldre, og g\u00e5r helt tilbake til 1476 da fridagen ble innf\u00f8rt av pave Sixtus IV.<\/p>\n<p>Dagen kalles i den n\u00e5v\u00e6rende katolske kalenderen for \u00abJomfru Marias uplettede unnfangelse\u00bb og er en forpliktet helligdag for alle katolikker.<\/p>\n<p><img loading=\"lazy\" decoding=\"async\" class=\"alignnone size-full wp-image-5794\" src=\"https:\/\/dinhjelper.com\/wp-content\/uploads\/la-anunciacion.jpg\" alt=\"\" width=\"1920\" height=\"870\" title=\"\" srcset=\"https:\/\/dinhjelper.com\/wp-content\/uploads\/la-anunciacion.jpg 1920w, https:\/\/dinhjelper.com\/wp-content\/uploads\/la-anunciacion-1280x580.jpg 1280w, https:\/\/dinhjelper.com\/wp-content\/uploads\/la-anunciacion-980x444.jpg 980w, https:\/\/dinhjelper.com\/wp-content\/uploads\/la-anunciacion-480x218.jpg 480w\" sizes=\"(min-width: 0px) and (max-width: 480px) 480px, (min-width: 481px) and (max-width: 980px) 980px, (min-width: 981px) and (max-width: 1280px) 1280px, (min-width: 1281px) 1920px, 100vw\" \/><\/p>\n<h5>Jesus f\u00f8dsel feires den 25. desember<\/h5>\n<p>Historien forteller at keiser Constantino den store la feiringen av Jesu f\u00f8dsel til denne dagen, som falt sammen med romernes feiring av Sol Invictus.<\/p>\n<p>Jesu f\u00f8dsel feires n\u00e6r \u00e5rets korteste dag, mens Johannes d\u00f8perens f\u00f8dsel feires den 24. juni, n\u00e6r \u00e5rets lengste dag.<\/p>\n<p>Etter Jesu f\u00f8dsel blir dagene lenger og lenger, mens etter Johannes d\u00f8perens f\u00f8dsel blir dagene kortere og kortere i p\u00e5vente av Jesu f\u00f8dsel.<\/p>\n<p>N\u00e5r det kommer en vanlig arbeidsdag mellom to fridager eller helligdager er det mange spanjoler som tar denne dagen fri. Dette kalles \u00abun puente\u00bb.<\/p>\n<p><em>&laquo;Felices Fiestas&raquo;<\/em><\/p>\n<p><i><span lang=\"ES-TRAD\" style=\"font-family: 'Helvetica Neue'; color: #333333;\">[Photo: \u00a9 pixabay og internet]<\/span><\/i><\/p>\n","protected":false},"excerpt":{"rendered":"<p>Det er ikke alltid like lett \u00e5 holde styr p\u00e5 de spanske helligdagene. Ikke bare har de nasjonale helligdager, men ogs\u00e5 regionale og lokale festdager.\u00a0 Butikker og offentlige kontorer stenges, og det blir pyntet til fest. Spanjolene legger mye i sine &laquo;fiestas&raquo;, og det kan v\u00e6re parader og fyrverkeri, musikk og dans. Det er vel [&hellip;]<\/p>\n","protected":false},"author":3,"featured_media":5780,"comment_status":"closed","ping_status":"open","sticky":false,"template":"","format":"standard","meta":{"_et_pb_use_builder":"","_et_pb_old_content":"","_et_gb_content_width":"","footnotes":""},"categories":[1],"tags":[],"class_list":["post-5778","post","type-post","status-publish","format-standard","has-post-thumbnail","hentry","category-ingen-kategorier"],"_links":{"self":[{"href":"https:\/\/dinhjelper.com\/no\/wp-json\/wp\/v2\/posts\/5778","targetHints":{"allow":["GET"]}}],"collection":[{"href":"https:\/\/dinhjelper.com\/no\/wp-json\/wp\/v2\/posts"}],"about":[{"href":"https:\/\/dinhjelper.com\/no\/wp-json\/wp\/v2\/types\/post"}],"author":[{"embeddable":true,"href":"https:\/\/dinhjelper.com\/no\/wp-json\/wp\/v2\/users\/3"}],"replies":[{"embeddable":true,"href":"https:\/\/dinhjelper.com\/no\/wp-json\/wp\/v2\/comments?post=5778"}],"version-history":[{"count":2,"href":"https:\/\/dinhjelper.com\/no\/wp-json\/wp\/v2\/posts\/5778\/revisions"}],"predecessor-version":[{"id":8679,"href":"https:\/\/dinhjelper.com\/no\/wp-json\/wp\/v2\/posts\/5778\/revisions\/8679"}],"wp:featuredmedia":[{"embeddable":true,"href":"https:\/\/dinhjelper.com\/no\/wp-json\/wp\/v2\/media\/5780"}],"wp:attachment":[{"href":"https:\/\/dinhjelper.com\/no\/wp-json\/wp\/v2\/media?parent=5778"}],"wp:term":[{"taxonomy":"category","embeddable":true,"href":"https:\/\/dinhjelper.com\/no\/wp-json\/wp\/v2\/categories?post=5778"},{"taxonomy":"post_tag","embeddable":true,"href":"https:\/\/dinhjelper.com\/no\/wp-json\/wp\/v2\/tags?post=5778"}],"curies":[{"name":"wp","href":"https:\/\/api.w.org\/{rel}","templated":true}]}}